{"id":19512,"global_id":"www.stummfilm-live.de\/en\/?id=19512","global_id_lineage":["www.stummfilm-live.de\/en\/?id=19512"],"author":"3","status":"publish","date":"2023-12-23 14:30:17","date_utc":"2023-12-23 13:30:17","modified":"2025-05-26 23:54:00","modified_utc":"2025-05-26 21:54:00","url":"https:\/\/www.stummfilm-live.de\/en\/event\/silent-film-concert-the-general-6\/","rest_url":"https:\/\/www.stummfilm-live.de\/en\/wp-json\/tribe\/events\/v1\/events\/19512","title":"Silent Film Concert &#8220;The General&#8221;","description":"<div class=\"\">\r\n<h2 align=\"center\">Info<\/h2>\r\n<\/div>\r\n<div class=\"\">\r\n<p style=\"text-align: right;\" data-start=\"0\" data-end=\"12\"><strong data-start=\"0\" data-end=\"31\" data-is-only-node=\"\">Saturday, 13 September 2014<\/strong><br data-start=\"31\" data-end=\"34\" \/><strong data-start=\"34\" data-end=\"45\">9:00 PM<\/strong><br data-start=\"45\" data-end=\"48\" \/><strong data-start=\"48\" data-end=\"87\" data-is-last-node=\"\">Japanese Cultural Institute Cologne<\/strong><\/p>\r\n<p data-start=\"0\" data-end=\"12\"><strong data-start=\"0\" data-end=\"12\">General:<\/strong><\/p>\r\n<p data-start=\"14\" data-end=\"87\"><strong data-start=\"14\" data-end=\"26\">USA 1926<\/strong><br data-start=\"26\" data-end=\"29\" \/><strong data-start=\"29\" data-end=\"43\">Directors:<\/strong> Buster Keaton, Clyde Bruckman<br data-start=\"73\" data-end=\"76\" \/><strong data-start=\"76\" data-end=\"85\">Cast:<\/strong><\/p>\r\n<ul data-start=\"88\" data-end=\"203\">\r\n<li data-start=\"88\" data-end=\"120\">\r\n<p data-start=\"90\" data-end=\"120\">Buster Keaton as Johnny Gray<\/p>\r\n<\/li>\r\n<li data-start=\"121\" data-end=\"153\">\r\n<p data-start=\"123\" data-end=\"153\">Marion Mack as Annabelle Lee<\/p>\r\n<\/li>\r\n<li data-start=\"154\" data-end=\"203\">\r\n<p data-start=\"156\" data-end=\"203\">and others<br data-start=\"166\" data-end=\"169\" \/><strong data-start=\"169\" data-end=\"182\">Duration:<\/strong> approx. 80 minutes<\/p>\r\n<\/li>\r\n<\/ul>\r\n<p data-start=\"205\" data-end=\"741\"><strong data-start=\"205\" data-end=\"218\">In brief:<\/strong><br data-start=\"218\" data-end=\"221\" \/><em data-start=\"221\" data-end=\"234\">The General<\/em> is a 1926 action-comedy film by and starring Buster Keaton. Set during the American Civil War, it\u2019s based on the true historical event of the Andrews Raid on April 12, 1862. Locomotive engineer Johnny Gray single-handedly pursues his stolen locomotive, <em data-start=\"488\" data-end=\"501\">The General<\/em>, abducted by Northern spies. Through persistence, daring stunts, and ingenuity, he manages to reclaim both his engine and the affection of his beloved Annabelle Lee. <em data-start=\"668\" data-end=\"681\">The General<\/em> is considered one of the greatest comedies in film history.<\/p>\r\n<p data-start=\"743\" data-end=\"844\"><strong data-start=\"743\" data-end=\"755\">Version:<\/strong><br data-start=\"755\" data-end=\"758\" \/>New musical score for piano, MIDI vibraphone, and large percussion by Wilfried Kaets<\/p>\r\n<p data-start=\"846\" data-end=\"863\"><strong data-start=\"846\" data-end=\"861\">Performers:<\/strong><\/p>\r\n<ul data-start=\"864\" data-end=\"992\" data-is-last-node=\"\" data-is-only-node=\"\">\r\n<li data-start=\"864\" data-end=\"912\">\r\n<p data-start=\"866\" data-end=\"912\">Norbert Kr\u00e4mer \u2013 MIDI vibraphone, percussion<\/p>\r\n<\/li>\r\n<li data-start=\"913\" data-end=\"945\">\r\n<p data-start=\"915\" data-end=\"945\">Wilfried Kaets \u2013 Grand piano<\/p>\r\n<\/li>\r\n<li data-start=\"946\" data-end=\"992\" data-is-last-node=\"\">\r\n<p data-start=\"948\" data-end=\"992\" data-is-last-node=\"\">Joachim Steinigeweg \u2013 Silent film technology<\/p>\r\n<\/li>\r\n<\/ul>\r\n<h2 style=\"text-align: center;\" align=\"center\"><span style=\"text-align: center;\">More Informations about: &#8220;<\/span><a style=\"text-align: center;\" href=\"https:\/\/www.stummfilm-live.de\/en\/project\/the-general\/\">The General<\/a><span style=\"text-align: center;\">&#8220;<\/span><\/h2>\r\n<\/div>","excerpt":"","slug":"silent-film-concert-the-general-6","image":{"url":"https:\/\/www.stummfilm-live.de\/wp-content\/uploads\/2023\/05\/der_general_05.jpg","id":16852,"extension":"jpg","width":300,"height":229,"filesize":49795,"sizes":{"thumbnail":{"width":150,"height":150,"mime-type":"image\/jpeg","filesize":7155,"url":"https:\/\/www.stummfilm-live.de\/wp-content\/uploads\/2023\/05\/der_general_05-150x150.jpg"},"cmsmasters-small-thumb":{"width":70,"height":70,"mime-type":"image\/jpeg","filesize":2091,"url":"https:\/\/www.stummfilm-live.de\/wp-content\/uploads\/2023\/05\/der_general_05-70x70.jpg"}}},"all_day":false,"start_date":"2014-09-13 21:00:00","start_date_details":{"year":"2014","month":"09","day":"13","hour":"21","minutes":"00","seconds":"00"},"end_date":"2014-09-13 22:30:00","end_date_details":{"year":"2014","month":"09","day":"13","hour":"22","minutes":"30","seconds":"00"},"utc_start_date":"2014-09-13 21:00:00","utc_start_date_details":{"year":"2014","month":"09","day":"13","hour":"21","minutes":"00","seconds":"00"},"utc_end_date":"2014-09-13 22:30:00","utc_end_date_details":{"year":"2014","month":"09","day":"13","hour":"22","minutes":"30","seconds":"00"},"timezone":"UTC+0","timezone_abbr":"UTC+0","cost":"","cost_details":{"currency_symbol":"","currency_code":"","currency_position":"prefix","values":[]},"website":"","show_map":true,"show_map_link":true,"hide_from_listings":false,"sticky":false,"featured":false,"categories":[{"name":"The General","slug":"the-general","term_group":0,"term_taxonomy_id":317,"taxonomy":"tribe_events_cat","description":"","parent":0,"count":12,"filter":"raw","id":317,"urls":{"self":"https:\/\/www.stummfilm-live.de\/en\/wp-json\/tribe\/events\/v1\/categories\/317","collection":"https:\/\/www.stummfilm-live.de\/en\/wp-json\/tribe\/events\/v1\/categories"}}],"tags":[],"venue":{"id":18102,"author":"3","status":"publish","date":"2023-12-23 14:51:14","date_utc":"2023-12-23 13:51:14","modified":"2023-12-23 14:51:14","modified_utc":"2023-12-23 13:51:14","url":"https:\/\/www.stummfilm-live.de\/venue\/japanisches-kulturinstitut-koeln\/","venue":"Japanisches Kulturinstitut K\u00f6ln","slug":"japanisches-kulturinstitut-koeln","address":"Universit\u00e4tsstra\u00dfe. 98","city":"K\u00f6ln","country":"Deutschland","province":"Nordrhein-Westfalen","zip":"50647","phone":"0221 9405580","website":"https:\/\/co.jpf.go.jp\/","stateprovince":"Nordrhein-Westfalen","json_ld":{"@type":"Place","name":"Japanisches Kulturinstitut K\u00f6ln","description":"","url":"","address":{"@type":"PostalAddress","streetAddress":"Universit\u00e4tsstra\u00dfe. 98","addressLocality":"K\u00f6ln","addressRegion":"Nordrhein-Westfalen","postalCode":"50647","addressCountry":"Deutschland"},"telephone":"0221 9405580","sameAs":"https:\/\/co.jpf.go.jp\/"},"show_map":true,"show_map_link":true,"global_id":"www.stummfilm-live.de\/en\/?id=18102","global_id_lineage":["www.stummfilm-live.de\/en\/?id=18102"]},"organizer":[],"custom_fields":[],"json_ld":{"@context":"http:\/\/schema.org","@type":"Event","name":"Silent Film Concert &#8220;The General&#8221;","description":"&lt;p&gt;Info Saturday, 13 September 20149:00 PMJapanese Cultural Institute Cologne General: USA 1926Directors: Buster Keaton, Clyde BruckmanCast: Buster Keaton as Johnny Gray Marion Mack as Annabelle Lee and othersDuration: approx. 80...&lt;\/p&gt;\\n","image":"https:\/\/www.stummfilm-live.de\/wp-content\/uploads\/2023\/05\/der_general_05.jpg","url":"https:\/\/www.stummfilm-live.de\/en\/event\/silent-film-concert-the-general-6\/","eventAttendanceMode":"https:\/\/schema.org\/OfflineEventAttendanceMode","eventStatus":"https:\/\/schema.org\/EventScheduled","startDate":"2014-09-13T21:00:00+00:00","endDate":"2014-09-13T22:30:00+00:00","location":{"@type":"Place","name":"Japanisches Kulturinstitut K\u00f6ln","description":"","url":"","address":{"@type":"PostalAddress","streetAddress":"Universit\u00e4tsstra\u00dfe. 98","addressLocality":"K\u00f6ln","addressRegion":"Nordrhein-Westfalen","postalCode":"50647","addressCountry":"Deutschland"},"telephone":"0221 9405580","sameAs":"https:\/\/co.jpf.go.jp\/"},"performer":"Organization"},"ticketed":false}